{"id":88782,"date":"2021-03-16T16:31:08","date_gmt":"2021-03-16T19:31:08","guid":{"rendered":"http:\/\/www.adelsonmeira.com.br\/?p=88782"},"modified":"2021-03-16T16:31:08","modified_gmt":"2021-03-16T19:31:08","slug":"eunapolis-erro-de-grafia-em-placa-entrega-dono-e-prf-apreender-carro-roubado","status":"publish","type":"post","link":"https:\/\/www.portaldosudoeste.com.br\/v1\/2021\/03\/16\/eunapolis-erro-de-grafia-em-placa-entrega-dono-e-prf-apreender-carro-roubado\/","title":{"rendered":"Eun\u00e1polis: Erro de grafia em placa &#8216;entrega&#8217; dono e PRF apreender carro roubado"},"content":{"rendered":"<div id=\"attachment_88783\" style=\"width: 619px\" class=\"wp-caption aligncenter\"><img aria-describedby=\"caption-attachment-88783\" loading=\"lazy\" class=\" wp-image-88783\" src=\"https:\/\/www.portaldosudoeste.com.br\/v1\/wp-content\/uploads\/2021\/03\/IMAGEM_NOTICIA_5.jpg\" alt=\"\" width=\"609\" height=\"449\" srcset=\"https:\/\/www.portaldosudoeste.com.br\/v1\/wp-content\/uploads\/2021\/03\/IMAGEM_NOTICIA_5.jpg 380w, https:\/\/www.portaldosudoeste.com.br\/v1\/wp-content\/uploads\/2021\/03\/IMAGEM_NOTICIA_5-300x221.jpg 300w\" sizes=\"(max-width: 609px) 100vw, 609px\" \/><p id=\"caption-attachment-88783\" class=\"wp-caption-text\">Foto: Divulga\u00e7\u00e3o \/ PRF-BA<\/p><\/div>\n<p style=\"text-align: justify;\">Um \u201cS\u201d a menos na placa foi o bastante para a Pol\u00edcia Rodovi\u00e1ria Federal (PRF-BA) recuperar um carro roubado em Eun\u00e1polis, na Costa do Descobrimento. O flagrante ocorreu na noite desta segunda-feira (15) durante fiscaliza\u00e7\u00e3o. Um Toyota\/Corolla passava pelo trecho quando os PRFs perceberam que na placa do ve\u00edculo havia um erro de grafia. Em vez de Montes Claros (MG), havia o nome Monte Claro. Os policiais continuaram a vistoria e constataram adultera\u00e7\u00f5es na numera\u00e7\u00e3o do motor e do chassi. O ve\u00edculo tamb\u00e9m n\u00e3o tinha etiquetas obrigat\u00f3rias de identifica\u00e7\u00e3o, que haviam sido removidas. Ao consultar o banco de dados, os agentes descobriram que o ve\u00edculo tinha ocorr\u00eancia de roubo, datado de outubro\/2017 em Salvador. Questionada, a condutora do Corolla contou que o carro era do marido, que em instantes apareceu na unidade operacional da PRF. Aos policiais, ele confirmou ser o respons\u00e1vel pelo ve\u00edculo. No relato, o homem contou que o carro foi comprado em 2018 na cidade de Imperatriz (MA) e a negocia\u00e7\u00e3o foi realizada em troca de um BMW usado e mais R$ 10 mil em esp\u00e9cie. Ap\u00f3s o flagrante, os envolvidos foram levados para uma delegacia local.<\/p>\n","protected":false},"excerpt":{"rendered":"<p>Um \u201cS\u201d a menos na placa foi o bastante para a Pol\u00edcia Rodovi\u00e1ria Federal (PRF-BA) recuperar um carro roubado em Eun\u00e1polis, na Costa do Descobrimento. O flagrante ocorreu na noite desta segunda-feira (15) durante fiscaliza\u00e7\u00e3o. Um Toyota\/Corolla passava pelo trecho quando os PRFs perceberam que na placa do ve\u00edculo havia um erro de grafia. Em vez de Montes Claros (MG), havia o nome Monte Claro. Os policiais continuaram a vistoria e constataram adultera\u00e7\u00f5es na numera\u00e7\u00e3o do motor e do chassi. O ve\u00edculo tamb\u00e9m n\u00e3o tinha etiquetas obrigat\u00f3rias de identifica\u00e7\u00e3o, que haviam sido removidas. Ao consultar o banco de dados, os [&hellip;]<\/p>\n","protected":false},"author":5,"featured_media":88783,"comment_status":"open","ping_status":"closed","sticky":false,"template":"","format":"standard","meta":[],"categories":[295],"tags":[1038,651],"_links":{"self":[{"href":"https:\/\/www.portaldosudoeste.com.br\/v1\/wp-json\/wp\/v2\/posts\/88782"}],"collection":[{"href":"https:\/\/www.portaldosudoeste.com.br\/v1\/wp-json\/wp\/v2\/posts"}],"about":[{"href":"https:\/\/www.portaldosudoeste.com.br\/v1\/wp-json\/wp\/v2\/types\/post"}],"author":[{"embeddable":true,"href":"https:\/\/www.portaldosudoeste.com.br\/v1\/wp-json\/wp\/v2\/users\/5"}],"replies":[{"embeddable":true,"href":"https:\/\/www.portaldosudoeste.com.br\/v1\/wp-json\/wp\/v2\/comments?post=88782"}],"version-history":[{"count":0,"href":"https:\/\/www.portaldosudoeste.com.br\/v1\/wp-json\/wp\/v2\/posts\/88782\/revisions"}],"wp:featuredmedia":[{"embeddable":true,"href":"https:\/\/www.portaldosudoeste.com.br\/v1\/wp-json\/wp\/v2\/media\/88783"}],"wp:attachment":[{"href":"https:\/\/www.portaldosudoeste.com.br\/v1\/wp-json\/wp\/v2\/media?parent=88782"}],"wp:term":[{"taxonomy":"category","embeddable":true,"href":"https:\/\/www.portaldosudoeste.com.br\/v1\/wp-json\/wp\/v2\/categories?post=88782"},{"taxonomy":"post_tag","embeddable":true,"href":"https:\/\/www.portaldosudoeste.com.br\/v1\/wp-json\/wp\/v2\/tags?post=88782"}],"curies":[{"name":"wp","href":"https:\/\/api.w.org\/{rel}","templated":true}]}}