{"id":37535,"date":"2015-10-13T07:38:50","date_gmt":"2015-10-13T10:38:50","guid":{"rendered":"http:\/\/www.adelsonmeira.com.br\/v1\/?p=37535"},"modified":"2015-10-13T07:38:50","modified_gmt":"2015-10-13T10:38:50","slug":"planalto-igreja-catolica-realiza-2a-caminhada-da-paz","status":"publish","type":"post","link":"https:\/\/www.portaldosudoeste.com.br\/v1\/2015\/10\/13\/planalto-igreja-catolica-realiza-2a-caminhada-da-paz\/","title":{"rendered":"PLANALTO: IGREJA CAT\u00d3LICA REALIZA 2\u00aa CAMINHADA DA PAZ"},"content":{"rendered":"<div id=\"attachment_37536\" style=\"width: 570px\" class=\"wp-caption aligncenter\"><img aria-describedby=\"caption-attachment-37536\" loading=\"lazy\" class=\"size-full wp-image-37536\" src=\"http:\/\/www.adelsonmeira.com.br\/v1\/wp-content\/uploads\/2015\/10\/007-2.jpg\" alt=\"Foto: Tito Not\u00edcias\" width=\"560\" height=\"374\" \/><p id=\"caption-attachment-37536\" class=\"wp-caption-text\">Foto: Tito Not\u00edcias<\/p><\/div>\n<p style=\"text-align: justify;\">A Par\u00f3quia Senhor do Bonfim do munic\u00edpio de Planalto, realizou\u00a0na \u00faltima quarta-feira, 07 de outubro, a\u00a02\u00aa\u00a0Caminhada da Paz.\u00a0A iniciativa atende ao pedido feito pela Confer\u00eancia Nacional dos Bispos do Brasil \u2013 CNBB a toda a Igreja no pa\u00eds para, no dia dedicado a S\u00e3o Francisco de Assis, realizar uma caminhada em favor da paz.\u00a0De acordo o site de not\u00edcias de Planalto, fi\u00e9is,\u00a0estudantes e toda a comunidade fizeram da a\u00e7\u00e3o,\u00a0um bonito movimento\u00a0em prol da da paz no munic\u00edpio.Percorrendo as principais ruas da cidade, os participantes com faixas e cartazes entoava cantos alusivos \u00e0 paz, pedindo pela paz nas escolas, nas fam\u00edlias, no tr\u00e2nsito, na sociedade como um todo. As atividades foram coordenadas pelo p\u00e1roco da cidade, padre Irineu Meira.<\/p>\n","protected":false},"excerpt":{"rendered":"<p>A Par\u00f3quia Senhor do Bonfim do munic\u00edpio de Planalto, realizou\u00a0na \u00faltima quarta-feira, 07 de outubro, a\u00a02\u00aa\u00a0Caminhada da Paz.\u00a0A iniciativa atende ao pedido feito pela Confer\u00eancia Nacional dos Bispos do Brasil \u2013 CNBB a toda a Igreja no pa\u00eds para, no dia dedicado a S\u00e3o Francisco de Assis, realizar uma caminhada em favor da paz.\u00a0De acordo o site de not\u00edcias de Planalto, fi\u00e9is,\u00a0estudantes e toda a comunidade fizeram da a\u00e7\u00e3o,\u00a0um bonito movimento\u00a0em prol da da paz no munic\u00edpio.Percorrendo as principais ruas da cidade, os participantes com faixas e cartazes entoava cantos alusivos \u00e0 paz, pedindo pela paz nas escolas, nas fam\u00edlias, [&hellip;]<\/p>\n","protected":false},"author":5,"featured_media":0,"comment_status":"open","ping_status":"open","sticky":false,"template":"","format":"standard","meta":[],"categories":[1705],"tags":[],"_links":{"self":[{"href":"https:\/\/www.portaldosudoeste.com.br\/v1\/wp-json\/wp\/v2\/posts\/37535"}],"collection":[{"href":"https:\/\/www.portaldosudoeste.com.br\/v1\/wp-json\/wp\/v2\/posts"}],"about":[{"href":"https:\/\/www.portaldosudoeste.com.br\/v1\/wp-json\/wp\/v2\/types\/post"}],"author":[{"embeddable":true,"href":"https:\/\/www.portaldosudoeste.com.br\/v1\/wp-json\/wp\/v2\/users\/5"}],"replies":[{"embeddable":true,"href":"https:\/\/www.portaldosudoeste.com.br\/v1\/wp-json\/wp\/v2\/comments?post=37535"}],"version-history":[{"count":0,"href":"https:\/\/www.portaldosudoeste.com.br\/v1\/wp-json\/wp\/v2\/posts\/37535\/revisions"}],"wp:attachment":[{"href":"https:\/\/www.portaldosudoeste.com.br\/v1\/wp-json\/wp\/v2\/media?parent=37535"}],"wp:term":[{"taxonomy":"category","embeddable":true,"href":"https:\/\/www.portaldosudoeste.com.br\/v1\/wp-json\/wp\/v2\/categories?post=37535"},{"taxonomy":"post_tag","embeddable":true,"href":"https:\/\/www.portaldosudoeste.com.br\/v1\/wp-json\/wp\/v2\/tags?post=37535"}],"curies":[{"name":"wp","href":"https:\/\/api.w.org\/{rel}","templated":true}]}}