{"id":153814,"date":"2026-02-24T16:54:46","date_gmt":"2026-02-24T19:54:46","guid":{"rendered":"https:\/\/www.portaldosudoeste.com.br\/v1\/?p=153814"},"modified":"2026-02-24T16:54:46","modified_gmt":"2026-02-24T19:54:46","slug":"defensoria-publica-da-bahia-lanca-edital-para-novo-concurso","status":"publish","type":"post","link":"https:\/\/www.portaldosudoeste.com.br\/v1\/2026\/02\/24\/defensoria-publica-da-bahia-lanca-edital-para-novo-concurso\/","title":{"rendered":"Defensoria P\u00fablica da Bahia lan\u00e7a edital para novo concurso"},"content":{"rendered":"<p>A Defensoria P\u00fablica do Estado da Bahia publicou nesta ter\u00e7a-feira (24) no Di\u00e1rio Oficial o edital do IX Concurso P\u00fablico para a carreira de Defensor e Defensora P\u00fablica. A sele\u00e7\u00e3o oferece 25 vagas imediatas, al\u00e9m da forma\u00e7\u00e3o de cadastro de reserva, para atua\u00e7\u00e3o na classe inicial da carreira jur\u00eddica.<\/p>\n<p>O cargo exige bacharelado em Direito e comprova\u00e7\u00e3o de no m\u00ednimo tr\u00eas anos de atividade jur\u00eddica at\u00e9 a data da posse, conforme crit\u00e9rios previstos no edital.<\/p>\n<div id=\"supertag-ad-wkjmccoa3\" data-google-query-id=\"CLCj9Nbz8pIDFeoHHgAdXLczVA\">\n<div id=\"google_ads_iframe_\/21830119956,22904546976\/vozdabahia\/23u_D2_DESK_INTERNA_0__container__\"><iframe loading=\"lazy\" id=\"google_ads_iframe_\/21830119956,22904546976\/vozdabahia\/23u_D2_DESK_INTERNA_0\" tabindex=\"0\" title=\"Conte\u00fado de an\u00fancios de terceiros\" src=\"https:\/\/feaffb20ed494e77dd8c6483cd588a05.safeframe.googlesyndication.com\/safeframe\/1-0-45\/html\/container.html\" name=\"\" width=\"0\" height=\"159\" frameborder=\"0\" marginwidth=\"0\" marginheight=\"0\" scrolling=\"no\" sandbox=\"allow-forms allow-popups allow-popups-to-escape-sandbox allow-same-origin allow-scripts allow-top-navigation-by-user-activation\" data-is-safeframe=\"true\" aria-label=\"Publicidade\" data-google-container-id=\"5\" data-load-complete=\"true\" data-mce-fragment=\"1\"><\/iframe><\/div>\n<\/div>\n<p>A sele\u00e7\u00e3o ser\u00e1 organizada pela Funda\u00e7\u00e3o Carlos Chagas (FCC) e contar\u00e1 com provas objetiva, discursivas e oral, al\u00e9m de avalia\u00e7\u00e3o de t\u00edtulos como parte das etapas de avalia\u00e7\u00e3o dos candidatos.<\/p>\n<p>As inscri\u00e7\u00f5es dever\u00e3o ser feitas exclusivamente pela internet, no site da banca organizadora, entre os dias 26 de fevereiro e 18 de mar\u00e7o de 2026, com taxa de participa\u00e7\u00e3o no valor de R$ 300,00.<\/p>\n<p>O edital refor\u00e7a que a Defensoria busca com o concurso ampliar a atua\u00e7\u00e3o institucional no interior do estado, fortalecendo o atendimento jur\u00eddico gratuito \u00e0 popula\u00e7\u00e3o em situa\u00e7\u00e3o de vulnerabilidade.<\/p>\n","protected":false},"excerpt":{"rendered":"<p>A Defensoria P\u00fablica do Estado da Bahia publicou nesta ter\u00e7a-feira (24) no Di\u00e1rio Oficial o edital do IX Concurso P\u00fablico para a carreira de Defensor e Defensora P\u00fablica. A sele\u00e7\u00e3o oferece 25 vagas imediatas, al\u00e9m da forma\u00e7\u00e3o de cadastro de reserva, para atua\u00e7\u00e3o na classe inicial da carreira jur\u00eddica. O cargo exige bacharelado em Direito e comprova\u00e7\u00e3o de no m\u00ednimo tr\u00eas anos de atividade jur\u00eddica at\u00e9 a data da posse, conforme crit\u00e9rios previstos no edital. A sele\u00e7\u00e3o ser\u00e1 organizada pela Funda\u00e7\u00e3o Carlos Chagas (FCC) e contar\u00e1 com provas objetiva, discursivas e oral, al\u00e9m de avalia\u00e7\u00e3o de t\u00edtulos como parte das [&hellip;]<\/p>\n","protected":false},"author":5,"featured_media":153815,"comment_status":"open","ping_status":"open","sticky":false,"template":"","format":"standard","meta":[],"categories":[1],"tags":[],"_links":{"self":[{"href":"https:\/\/www.portaldosudoeste.com.br\/v1\/wp-json\/wp\/v2\/posts\/153814"}],"collection":[{"href":"https:\/\/www.portaldosudoeste.com.br\/v1\/wp-json\/wp\/v2\/posts"}],"about":[{"href":"https:\/\/www.portaldosudoeste.com.br\/v1\/wp-json\/wp\/v2\/types\/post"}],"author":[{"embeddable":true,"href":"https:\/\/www.portaldosudoeste.com.br\/v1\/wp-json\/wp\/v2\/users\/5"}],"replies":[{"embeddable":true,"href":"https:\/\/www.portaldosudoeste.com.br\/v1\/wp-json\/wp\/v2\/comments?post=153814"}],"version-history":[{"count":1,"href":"https:\/\/www.portaldosudoeste.com.br\/v1\/wp-json\/wp\/v2\/posts\/153814\/revisions"}],"predecessor-version":[{"id":153816,"href":"https:\/\/www.portaldosudoeste.com.br\/v1\/wp-json\/wp\/v2\/posts\/153814\/revisions\/153816"}],"wp:featuredmedia":[{"embeddable":true,"href":"https:\/\/www.portaldosudoeste.com.br\/v1\/wp-json\/wp\/v2\/media\/153815"}],"wp:attachment":[{"href":"https:\/\/www.portaldosudoeste.com.br\/v1\/wp-json\/wp\/v2\/media?parent=153814"}],"wp:term":[{"taxonomy":"category","embeddable":true,"href":"https:\/\/www.portaldosudoeste.com.br\/v1\/wp-json\/wp\/v2\/categories?post=153814"},{"taxonomy":"post_tag","embeddable":true,"href":"https:\/\/www.portaldosudoeste.com.br\/v1\/wp-json\/wp\/v2\/tags?post=153814"}],"curies":[{"name":"wp","href":"https:\/\/api.w.org\/{rel}","templated":true}]}}